{"id":840,"date":"2024-09-11T17:02:09","date_gmt":"2024-09-11T14:02:09","guid":{"rendered":"https:\/\/www.medijufondas.lt\/uncategorized\/members-of-the-foundations-board-and-the-foundations-administration-meet-with-the-minister-of-culture"},"modified":"2024-10-16T12:46:43","modified_gmt":"2024-10-16T09:46:43","slug":"members-of-the-foundations-board-and-the-foundations-administration-meet-with-the-minister-of-culture","status":"publish","type":"post","link":"https:\/\/www.medijufondas.lt\/en\/uncategorized\/members-of-the-foundations-board-and-the-foundations-administration-meet-with-the-minister-of-culture","title":{"rendered":"Members of the Fund&#8217;s Board and the Fund&#8217;s administration met with the Minister of Culture"},"content":{"rendered":"<p>The members of the Media Support Fund Board Rasa Navickien\u0117, Aurelija Arlauskien\u0117, Marija \u0160aknien\u0117, K\u0119stutis Bulka and the Fund&#8217;s administration met with the Minister of Culture of the Republic of Lithuania Simonas Kairys, Vice-Minister Vygintas Gasparavi\u010dius and the Head of the Public Information and Copyright Policy Group Deividas Velkas to discuss the draft provisions of the Rules on the Submission of Projects Funded by the Media Support Fund (the Rules) and the timeline for approval.<br \/>\nIn early summer, the Media Support Fund invited media representatives to meetings\/discussions with the members of the Council and the administration of the Fund on the provisions of the Rules, and invited them to submit written comments.<br \/>\nThe Council and the Fund&#8217;s administration sought to listen to comments from all existing and prospective applicants and the Fund&#8217;s experts, and to consider suggestions.<br \/>\nThe draft of Rules approved by the Council at its meeting on 15 July 2010, as improved in the light of the comments submitted by the media sector. On the same day The Fund&#8217;s administration submitted rules draft to the Ministry of Culture the Media Support Fund Council 2024.<br \/>\nThe Media Fund Council and the Media Fund Administration hope to be able to announce the approved Rules and the date of the call for proposals as soon as possible.<\/p>\n","protected":false},"excerpt":{"rendered":"<p>The members of the Media Support Fund Board Rasa Navickien\u0117, Aurelija Arlauskien\u0117, Marija \u0160aknien\u0117, K\u0119stutis Bulka and the Fund&#8217;s administration met with the Minister of Culture of the Republic of Lithuania Simonas Kairys, Vice-Minister Vygintas Gasparavi\u010dius and the Head of the Public Information and Copyright Policy Group Deividas Velkas to discuss the draft provisions of&#8230;<\/p>\n","protected":false},"author":2,"featured_media":607,"comment_status":"open","ping_status":"open","sticky":false,"template":"","format":"standard","meta":{"_monsterinsights_skip_tracking":false,"_monsterinsights_sitenote_active":false,"_monsterinsights_sitenote_note":"","_monsterinsights_sitenote_category":0,"_uf_show_specific_survey":0,"_uf_disable_surveys":false,"footnotes":""},"categories":[3],"tags":[21],"class_list":["post-840","post","type-post","status-publish","format-standard","has-post-thumbnail","hentry","category-uncategorized","tag-mrf-news"],"acf":[],"_links":{"self":[{"href":"https:\/\/www.medijufondas.lt\/en\/wp-json\/wp\/v2\/posts\/840","targetHints":{"allow":["GET"]}}],"collection":[{"href":"https:\/\/www.medijufondas.lt\/en\/wp-json\/wp\/v2\/posts"}],"about":[{"href":"https:\/\/www.medijufondas.lt\/en\/wp-json\/wp\/v2\/types\/post"}],"author":[{"embeddable":true,"href":"https:\/\/www.medijufondas.lt\/en\/wp-json\/wp\/v2\/users\/2"}],"replies":[{"embeddable":true,"href":"https:\/\/www.medijufondas.lt\/en\/wp-json\/wp\/v2\/comments?post=840"}],"version-history":[{"count":3,"href":"https:\/\/www.medijufondas.lt\/en\/wp-json\/wp\/v2\/posts\/840\/revisions"}],"predecessor-version":[{"id":857,"href":"https:\/\/www.medijufondas.lt\/en\/wp-json\/wp\/v2\/posts\/840\/revisions\/857"}],"wp:featuredmedia":[{"embeddable":true,"href":"https:\/\/www.medijufondas.lt\/en\/wp-json\/wp\/v2\/media\/607"}],"wp:attachment":[{"href":"https:\/\/www.medijufondas.lt\/en\/wp-json\/wp\/v2\/media?parent=840"}],"wp:term":[{"taxonomy":"category","embeddable":true,"href":"https:\/\/www.medijufondas.lt\/en\/wp-json\/wp\/v2\/categories?post=840"},{"taxonomy":"post_tag","embeddable":true,"href":"https:\/\/www.medijufondas.lt\/en\/wp-json\/wp\/v2\/tags?post=840"}],"curies":[{"name":"wp","href":"https:\/\/api.w.org\/{rel}","templated":true}]}}